{"id":2835,"global_id":"hotelbuerkle.de\/en\/?id=2835","global_id_lineage":["hotelbuerkle.de\/en\/?id=2835"],"author":"2","status":"publish","date":"2025-12-17 14:40:40","date_utc":"2025-12-17 13:40:40","modified":"2025-12-17 14:40:40","modified_utc":"2025-12-17 13:40:40","url":"https:\/\/hotelbuerkle.de\/en\/event\/late-riser-breakfast-29\/","rest_url":"https:\/\/hotelbuerkle.de\/en\/wp-json\/tribe\/events\/v1\/events\/2835","title":"Late riser breakfast","description":"<div  class=\"tribe-events-schedule tribe-clearfix\" >\n\t<p class=\"tribe-events-schedule__datetime\">\n\t\t<span class=\"tribe-events-schedule__date tribe-events-schedule__date--start\">\n\t\t\t\t\t<\/span>\n\n\t\t\t\t\t<span class=\"tribe-events-schedule__separator tribe-events-schedule__separator--date\">\n\t\t\t\t at \t\t\t<\/span>\n\t\t\t<span class=\"tribe-events-schedule__time tribe-events-schedule__time--start\">\n\t\t\t\t\t\t\t<\/span>\n\t\t\n\t\t\t<\/p>\n<\/div>\n\n\n\n<p>Freuen Sie sich auf ein hervorragendes Fr\u00fchst\u00fccksbuffet und genie\u00dfen Sie in Ruhe, sch\u00f6nem Ambiente und bei Sonnenschein auf der Terrasse und im Garten. <\/p>\n\n\n\n<p>Unsere Langschl\u00e4fer finden auf unserem Buffet vielf\u00e4ltige Fr\u00fchst\u00fccksleckereien: knusprige Br\u00f6tchen und Brot, leckere Croissants, frisch gebackene Waffeln, feinste Wurst-, K\u00e4se- und Fischspezialit\u00e4ten, Wei\u00dfw\u00fcrste, frische Eierspeisen, saftiges Obst, verschiedene Quark- und Joghurtsorten, leckeres Bircherm\u00fcsli, gesunde Cerealien, und vieles vieles mehr \u2026 Au\u00dferdem k\u00f6nnen Sie Kaffee- und Teespezialit\u00e4ten (2 Hei\u00dfgetr\u00e4nke inklusive), S\u00e4fte und Mineralwasser und ein Glas spritzigen Sekt genie\u00dfen.<\/p>\n\n\n\n<p>Unsere kleinen G\u00e4ste k\u00f6nnen sich im Spielzimmer oder im Garten vergn\u00fcgen.<\/p>\n\n\n\n<p>ab 10:00 bis 13:00 Uhr<br>32,00 \u20ac pro Person<br>Bis 6 Jahre schlemmen Kinder kostenfrei,<br>von 6 bis 12 Jahre f\u00fcr 16,00 \u20ac.<\/p>\n\n\n\n<p><a href=\"https:\/\/hotelbuerkle.de\/en\/contact-booking\/\">Bitte reservieren Sie Ihren Tisch.<\/a><\/p>\n\n\n\n<p><\/p>","excerpt":"","slug":"late-riser-breakfast-29","image":{"url":"https:\/\/hotelbuerkle.de\/wp-content\/uploads\/impressionen-fruehstueck.webp","id":1875,"extension":"webp","width":1500,"height":1000,"filesize":89474,"sizes":{"medium":{"width":300,"height":200,"mime-type":"image\/webp","filesize":16154,"url":"https:\/\/hotelbuerkle.de\/wp-content\/uploads\/impressionen-fruehstueck-300x200.webp"},"large":{"width":1024,"height":683,"mime-type":"image\/webp","filesize":62096,"url":"https:\/\/hotelbuerkle.de\/wp-content\/uploads\/impressionen-fruehstueck-1024x683.webp"},"thumbnail":{"width":150,"height":150,"mime-type":"image\/webp","filesize":10260,"url":"https:\/\/hotelbuerkle.de\/wp-content\/uploads\/impressionen-fruehstueck-150x150.webp"},"medium_large":{"width":768,"height":512,"mime-type":"image\/webp","filesize":43350,"url":"https:\/\/hotelbuerkle.de\/wp-content\/uploads\/impressionen-fruehstueck-768x512.webp"}}},"all_day":false,"start_date":"2026-03-01 10:00:00","start_date_details":{"year":"2026","month":"03","day":"01","hour":"10","minutes":"00","seconds":"00"},"end_date":"2026-03-01 13:00:00","end_date_details":{"year":"2026","month":"03","day":"01","hour":"13","minutes":"00","seconds":"00"},"utc_start_date":"2026-03-01 09:00:00","utc_start_date_details":{"year":"2026","month":"03","day":"01","hour":"09","minutes":"00","seconds":"00"},"utc_end_date":"2026-03-01 12:00:00","utc_end_date_details":{"year":"2026","month":"03","day":"01","hour":"12","minutes":"00","seconds":"00"},"timezone":"Europe\/Berlin","timezone_abbr":"","cost":"","cost_details":{"currency_symbol":"\u20ac","currency_code":"EUR","currency_position":"prefix","values":[]},"website":"","show_map":false,"show_map_link":false,"hide_from_listings":false,"sticky":false,"featured":false,"categories":[],"tags":[],"venue":[],"organizer":[],"custom_fields":[],"json_ld":{"@context":"http:\/\/schema.org","@type":"Event","name":"Late riser breakfast","description":"&lt;p&gt;Freuen Sie sich auf ein hervorragendes Fr\u00fchst\u00fccksbuffet und genie\u00dfen Sie in Ruhe, sch\u00f6nem Ambiente und bei Sonnenschein auf der Terrasse und im Garten. Unsere Langschl\u00e4fer finden auf unserem Buffet vielf\u00e4ltige ... &lt;a title=&quot;Late riser breakfast&quot; class=&quot;read-more&quot; href=&quot;https:\/\/hotelbuerkle.de\/en\/event\/late-riser-breakfast-29\/&quot; aria-label=&quot;Read more about Late riser breakfast&quot;&gt;Read more&lt;\/a&gt;&lt;\/p&gt;\\n","image":"https:\/\/hotelbuerkle.de\/wp-content\/uploads\/impressionen-fruehstueck.webp","url":"https:\/\/hotelbuerkle.de\/en\/event\/late-riser-breakfast-29\/","eventAttendanceMode":"https:\/\/schema.org\/OfflineEventAttendanceMode","eventStatus":"https:\/\/schema.org\/EventScheduled","startDate":"2026-03-01T10:00:00+01:00","endDate":"2026-03-01T13:00:00+01:00","performer":"Organization"}}